{"id":2157,"date":"2023-12-14T16:09:00","date_gmt":"2023-12-14T15:09:00","guid":{"rendered":"https:\/\/avanzaspanishschool.com\/?p=2157"},"modified":"2026-06-05T19:23:31","modified_gmt":"2026-06-05T17:23:31","slug":"sudamericano-o-suramericano","status":"publish","type":"post","link":"https:\/\/avanzaspanishschool.com\/de\/2023\/12\/14\/sudamericano-o-suramericano\/","title":{"rendered":"\u00bfSudamericano o Suramericano? Descubre la Diferencia"},"content":{"rendered":"<p class=\"has-black-color has-text-color has-link-color has-medium-font-size wp-elements-1 wp-block-paragraph\">\u00bfC\u00f3mo se dice? <\/p>\n\n\n\n<figure class=\"wp-block-embed is-type-wp-embed is-provider-genially wp-block-embed-genially\"><div class=\"wp-block-embed__wrapper\">\n<iframe loading=\"lazy\" class=\"wp-embedded-content\" sandbox=\"allow-scripts\" security=\"restricted\" title=\"sudamericano o suramericano\" frameborder=\"0\" width=\"1200\" height=\"850\" src=\"https:\/\/view.genially.com\/664727bafc6f5c00152aed43#?secret=HooisMzRrb\" data-secret=\"HooisMzRrb\" scrolling=\"yes\"><\/iframe>\n<\/div><figcaption class=\"wp-element-caption\"><strong>Presiona el bot\u00f3n de arriba a la derecha para ver las interactividades y descubre algunas explicaciones.<\/strong><\/figcaption><\/figure>\n\n\n\n<p class=\"has-black-color has-text-color has-link-color wp-elements-2 wp-block-paragraph\">Inicia con &#8220;sudamericano o suramericano&#8221; y para terminar encontrar\u00e1s algunas preguntas.<\/p>\n\n\n\n<p class=\"wp-block-paragraph\">Si te gust\u00f3 \u00bfconsiderar\u00edas compartirlo con tus amigos o en las redes sociales?<\/p>\n\n\n\n<p class=\"wp-block-paragraph\">\u00bfYa lo sab\u00edas o fue algo nuevo para ti? D\u00e9jame tus comentarios.<\/p>\n\n\n\n<p class=\"wp-block-paragraph\"><strong>Te podr\u00eda interesar<\/strong><\/p>\n\n\n\n<figure class=\"wp-block-embed is-type-wp-embed is-provider-avanza-spanish-school wp-block-embed-avanza-spanish-school\"><div class=\"wp-block-embed__wrapper\">\n<blockquote class=\"wp-embedded-content\" data-secret=\"x7wHob7Gxj\"><a href=\"https:\/\/avanzaspanishschool.com\/de\/2024\/01\/30\/cual-es-la-palabra-del-ano-2023\/\">la Palabra del A\u00f1o | Impacto y Relevancia en 2023<\/a><\/blockquote><iframe loading=\"lazy\" class=\"wp-embedded-content\" sandbox=\"allow-scripts\" security=\"restricted\" style=\"position: absolute; visibility: hidden;\" title=\"\u201cla Palabra del A\u00f1o | Impacto y Relevancia en 2023\u201d \u2014 AVANZA SPANISH SCHOOL\" src=\"https:\/\/avanzaspanishschool.com\/2024\/01\/30\/cual-es-la-palabra-del-ano-2023\/embed\/#?secret=cUMqSOTh4A#?secret=x7wHob7Gxj\" data-secret=\"x7wHob7Gxj\" width=\"600\" height=\"338\" frameborder=\"0\" marginwidth=\"0\" marginheight=\"0\" scrolling=\"no\"><\/iframe>\n<\/div><\/figure>\n\n\n\n<figure class=\"wp-block-embed is-type-wp-embed is-provider-avanza-spanish-school wp-block-embed-avanza-spanish-school\"><div class=\"wp-block-embed__wrapper\">\n<blockquote class=\"wp-embedded-content\" data-secret=\"W9GbYhp9ir\"><a href=\"https:\/\/avanzaspanishschool.com\/de\/anota\/\">APUNTES<\/a><\/blockquote><iframe loading=\"lazy\" class=\"wp-embedded-content\" sandbox=\"allow-scripts\" security=\"restricted\" style=\"position: absolute; visibility: hidden;\" title=\"\u201cAPUNTES\u201d \u2014 AVANZA SPANISH SCHOOL\" src=\"https:\/\/avanzaspanishschool.com\/anota\/embed\/#?secret=0ecHGAu8Mj#?secret=W9GbYhp9ir\" data-secret=\"W9GbYhp9ir\" width=\"600\" height=\"338\" frameborder=\"0\" marginwidth=\"0\" marginheight=\"0\" scrolling=\"no\"><\/iframe>\n<\/div><\/figure>","protected":false},"excerpt":{"rendered":"<p>\u00bfC\u00f3mo se dice? Inicia con &#8220;sudamericano o suramericano&#8221; y para terminar encontrar\u00e1s algunas preguntas. Si te gust\u00f3 \u00bfconsiderar\u00edas compartirlo con tus amigos o en las redes sociales? \u00bfYa lo sab\u00edas o fue algo nuevo para ti? D\u00e9jame tus comentarios. Te podr\u00eda interesar<\/p>","protected":false},"author":121892976,"featured_media":2252,"comment_status":"open","ping_status":"open","sticky":false,"template":"","format":"standard","meta":{"_coblocks_attr":"","_coblocks_dimensions":"","_coblocks_responsive_height":"","_coblocks_accordion_ie_support":"","advanced_seo_description":"","jetpack_seo_html_title":"","jetpack_seo_noindex":false,"jetpack_seo_schema_type":"","_jetpack_newsletter_access":"","_jetpack_dont_email_post_to_subs":false,"_jetpack_newsletter_tier_id":0,"_jetpack_memberships_contains_paywalled_content":false,"_wpcom_ai_launchpad_first_post":false,"_jetpack_feature_clip_id":0,"_jetpack_memberships_contains_paid_content":false,"footnotes":"","jetpack_publicize_message":"Aclarando conceptos relacionados con el continente Americano.","jetpack_publicize_feature_enabled":true,"jetpack_social_post_already_shared":false,"jetpack_social_options":{"image_generator_settings":{"template":"highway","default_image_id":0,"font":"","enabled":false},"version":2},"_wpas_customize_per_network":false,"jetpack_post_was_ever_published":false},"categories":[592981571],"tags":[],"class_list":["post-2157","post","type-post","status-publish","format-standard","has-post-thumbnail","hentry","category-avanza-spanish-school"],"jetpack_publicize_connections":[],"jetpack_likes_enabled":true,"jetpack_sharing_enabled":true,"jetpack_shortlink":"https:\/\/wp.me\/p8KKyR-yN","jetpack-related-posts":[{"id":2219,"url":"https:\/\/avanzaspanishschool.com\/de\/2024\/01\/30\/cual-es-la-palabra-del-ano-2023\/","url_meta":{"origin":2157,"position":0},"title":"la Palabra del A\u00f1o | Impacto y Relevancia en 2023","author":"Avanza Spanish School","date":"Januar 30, 2024","format":false,"excerpt":"C\u00f3mo las palabras cambian y adquieren nuevos significados a lo largo del tiempo.","rel":"","context":"In &quot;spanish language learning switzerland&quot;","block_context":{"text":"spanish language learning switzerland","link":"https:\/\/avanzaspanishschool.com\/de\/category\/spanish-language-learning-switzerland\/"},"img":{"alt_text":"","src":"https:\/\/i0.wp.com\/avanzaspanishschool.com\/wp-content\/uploads\/2024\/01\/canva-tarea-blog.png?fit=1200%2C851&ssl=1&resize=350%2C200","width":350,"height":200,"srcset":"https:\/\/i0.wp.com\/avanzaspanishschool.com\/wp-content\/uploads\/2024\/01\/canva-tarea-blog.png?fit=1200%2C851&ssl=1&resize=350%2C200 1x, https:\/\/i0.wp.com\/avanzaspanishschool.com\/wp-content\/uploads\/2024\/01\/canva-tarea-blog.png?fit=1200%2C851&ssl=1&resize=525%2C300 1.5x, https:\/\/i0.wp.com\/avanzaspanishschool.com\/wp-content\/uploads\/2024\/01\/canva-tarea-blog.png?fit=1200%2C851&ssl=1&resize=700%2C400 2x, https:\/\/i0.wp.com\/avanzaspanishschool.com\/wp-content\/uploads\/2024\/01\/canva-tarea-blog.png?fit=1200%2C851&ssl=1&resize=1050%2C600 3x"},"classes":[]},{"id":3876,"url":"https:\/\/avanzaspanishschool.com\/de\/2024\/11\/22\/gerichte-reisen-zutaten-feine-kochkunst\/","url_meta":{"origin":2157,"position":1},"title":"kostenlose Minikurs: Gastronomische Reise: Mexico Argentinien, Spanien","author":"Avanza Spanish School","date":"November 22, 2024","format":false,"excerpt":"Te lleva en un viaje culinario por Espa\u00f1a, Argentina y M\u00e9xico. Conocer\u00e1s cuatro platos t\u00edpicos y sus ingredientes.","rel":"","context":"In &quot;avanza spanish school&quot;","block_context":{"text":"avanza spanish school","link":"https:\/\/avanzaspanishschool.com\/de\/category\/avanza-spanish-school\/"},"img":{"alt_text":"","src":"https:\/\/i0.wp.com\/avanzaspanishschool.com\/wp-content\/uploads\/2024\/09\/15aaa4ad-ff34-4141-9f53-d16da64beb23.jpg?fit=1200%2C673&ssl=1&resize=350%2C200","width":350,"height":200,"srcset":"https:\/\/i0.wp.com\/avanzaspanishschool.com\/wp-content\/uploads\/2024\/09\/15aaa4ad-ff34-4141-9f53-d16da64beb23.jpg?fit=1200%2C673&ssl=1&resize=350%2C200 1x, https:\/\/i0.wp.com\/avanzaspanishschool.com\/wp-content\/uploads\/2024\/09\/15aaa4ad-ff34-4141-9f53-d16da64beb23.jpg?fit=1200%2C673&ssl=1&resize=525%2C300 1.5x, https:\/\/i0.wp.com\/avanzaspanishschool.com\/wp-content\/uploads\/2024\/09\/15aaa4ad-ff34-4141-9f53-d16da64beb23.jpg?fit=1200%2C673&ssl=1&resize=700%2C400 2x, https:\/\/i0.wp.com\/avanzaspanishschool.com\/wp-content\/uploads\/2024\/09\/15aaa4ad-ff34-4141-9f53-d16da64beb23.jpg?fit=1200%2C673&ssl=1&resize=1050%2C600 3x"},"classes":[]},{"id":276,"url":"https:\/\/avanzaspanishschool.com\/de\/2019\/04\/25\/conecta-con-salamanca\/","url_meta":{"origin":2157,"position":2},"title":"CONECTA CON SALAMANCA","author":"Avanza Spanish School","date":"April 25, 2019","format":false,"excerpt":"Si tienes conocimientos b\u00e1sicos de espa\u00f1ol ven en septiembre 2019 a Salamanca. No importa tu nivel. Por la ma\u00f1ana vas a recibir clases de espa\u00f1ol y por la tarde descubre\u00a0 Salamanca., Actividades incluidas: Visita guiada a Salamanca. Descubriendo Salamanca: Huerto de Calixto y Melibea y Cueva de Salamanca, Cielo de\u2026","rel":"","context":"In &quot;Ask for more information&quot;","block_context":{"text":"Ask for more information","link":"https:\/\/avanzaspanishschool.com\/de\/category\/traveling\/ask-for-more-information\/"},"img":{"alt_text":"","src":"https:\/\/i0.wp.com\/avanzaspanishschool.com\/wp-content\/uploads\/2019\/04\/img_travel.jpg?resize=350%2C200&ssl=1","width":350,"height":200,"srcset":"https:\/\/i0.wp.com\/avanzaspanishschool.com\/wp-content\/uploads\/2019\/04\/img_travel.jpg?resize=350%2C200&ssl=1 1x, https:\/\/i0.wp.com\/avanzaspanishschool.com\/wp-content\/uploads\/2019\/04\/img_travel.jpg?resize=525%2C300&ssl=1 1.5x, https:\/\/i0.wp.com\/avanzaspanishschool.com\/wp-content\/uploads\/2019\/04\/img_travel.jpg?resize=700%2C400&ssl=1 2x"},"classes":[]},{"id":2423,"url":"https:\/\/avanzaspanishschool.com\/de\/2024\/04\/28\/hierba-o-hierva-botar-o-votar-lerne-den-unterschied-zwischen-vaso-und-baso-hierba-und-hierva\/","url_meta":{"origin":2157,"position":3},"title":"\u00bfhierba o hierva? \u00bfbotar o votar?","author":"Avanza Spanish School","date":"April 28, 2024","format":false,"excerpt":"Las diferencias entre la B y la V son simples y pueden parecer confusas para algunos estudiantes de espa\u00f1ol. En realidad son bastante f\u00e1ciles de entender si se prestan atenci\u00f3n a las reglas. La letra B se utiliza en palabras como \"bailar\" y \"blusa\", que son ejemplos claros y comunes\u2026","rel":"","context":"In &quot;avanza spanish school&quot;","block_context":{"text":"avanza spanish school","link":"https:\/\/avanzaspanishschool.com\/de\/category\/avanza-spanish-school\/"},"img":{"alt_text":"","src":"https:\/\/i0.wp.com\/avanzaspanishschool.com\/wp-content\/uploads\/2024\/04\/botar-votar-grande.png?fit=1040%2C720&ssl=1&resize=350%2C200","width":350,"height":200,"srcset":"https:\/\/i0.wp.com\/avanzaspanishschool.com\/wp-content\/uploads\/2024\/04\/botar-votar-grande.png?fit=1040%2C720&ssl=1&resize=350%2C200 1x, https:\/\/i0.wp.com\/avanzaspanishschool.com\/wp-content\/uploads\/2024\/04\/botar-votar-grande.png?fit=1040%2C720&ssl=1&resize=525%2C300 1.5x, https:\/\/i0.wp.com\/avanzaspanishschool.com\/wp-content\/uploads\/2024\/04\/botar-votar-grande.png?fit=1040%2C720&ssl=1&resize=700%2C400 2x"},"classes":[]},{"id":4179,"url":"https:\/\/avanzaspanishschool.com\/de\/2025\/02\/22\/ube-spanisch-mit-dem-wort-des-jahres-2013-2024\/","url_meta":{"origin":2157,"position":4},"title":"\u00dcbe Spanisch mit dem Wort des Jahres 2013 &#8211; 2024","author":"Avanza Spanish School","date":"Februar 22, 2025","format":false,"excerpt":"Entdecke die W\u00f6rter, die die wichtigsten Ereignisse der Jahre 2013 bis 2024 zeigen. Nivel A2-B1. Un poco de historia A partir del a\u00f1o 2013, la Fund\u00e9uRAE elige una palabra del a\u00f1o. Esta palabra representa los eventos principales de ese a\u00f1o. Posiblemente, ya las has visto en las noticias, las redes\u2026","rel":"","context":"In &quot;avanza spanish school&quot;","block_context":{"text":"avanza spanish school","link":"https:\/\/avanzaspanishschool.com\/de\/category\/avanza-spanish-school\/"},"img":{"alt_text":"","src":"https:\/\/i0.wp.com\/avanzaspanishschool.com\/wp-content\/uploads\/2025\/02\/muchas-letras-y-gente-curiosa-1.png?fit=1024%2C768&ssl=1&resize=350%2C200","width":350,"height":200,"srcset":"https:\/\/i0.wp.com\/avanzaspanishschool.com\/wp-content\/uploads\/2025\/02\/muchas-letras-y-gente-curiosa-1.png?fit=1024%2C768&ssl=1&resize=350%2C200 1x, https:\/\/i0.wp.com\/avanzaspanishschool.com\/wp-content\/uploads\/2025\/02\/muchas-letras-y-gente-curiosa-1.png?fit=1024%2C768&ssl=1&resize=525%2C300 1.5x, https:\/\/i0.wp.com\/avanzaspanishschool.com\/wp-content\/uploads\/2025\/02\/muchas-letras-y-gente-curiosa-1.png?fit=1024%2C768&ssl=1&resize=700%2C400 2x"},"classes":[]},{"id":5403,"url":"https:\/\/avanzaspanishschool.com\/de\/2025\/10\/02\/die-sprachschule-avanza-spanish-school-nahm-am-weltkongress-der-spanischlehrer-teil\/","url_meta":{"origin":2157,"position":5},"title":"Die Sprachschule Avanza Spanish School nahm am Weltkongress der Spanischlehrer teil","author":"Avanza Spanish School","date":"Oktober 2, 2025","format":false,"excerpt":"Bei Avanza Spanish School bringen wir Innovation ins Klassenzimmer.","rel":"","context":"In &quot;Ask for more information&quot;","block_context":{"text":"Ask for more information","link":"https:\/\/avanzaspanishschool.com\/de\/category\/traveling\/ask-for-more-information\/"},"img":{"alt_text":"","src":"https:\/\/i0.wp.com\/avanzaspanishschool.com\/wp-content\/uploads\/2025\/10\/Foto-de-ASELE-Congreso.png?fit=1200%2C857&ssl=1&resize=350%2C200","width":350,"height":200,"srcset":"https:\/\/i0.wp.com\/avanzaspanishschool.com\/wp-content\/uploads\/2025\/10\/Foto-de-ASELE-Congreso.png?fit=1200%2C857&ssl=1&resize=350%2C200 1x, https:\/\/i0.wp.com\/avanzaspanishschool.com\/wp-content\/uploads\/2025\/10\/Foto-de-ASELE-Congreso.png?fit=1200%2C857&ssl=1&resize=525%2C300 1.5x, https:\/\/i0.wp.com\/avanzaspanishschool.com\/wp-content\/uploads\/2025\/10\/Foto-de-ASELE-Congreso.png?fit=1200%2C857&ssl=1&resize=700%2C400 2x, https:\/\/i0.wp.com\/avanzaspanishschool.com\/wp-content\/uploads\/2025\/10\/Foto-de-ASELE-Congreso.png?fit=1200%2C857&ssl=1&resize=1050%2C600 3x"},"classes":[]}],"jetpack_featured_media_url":"https:\/\/i0.wp.com\/avanzaspanishschool.com\/wp-content\/uploads\/2023\/12\/4.-por-el-uso-incorrecto-de-los-teminos.png?fit=1748%2C1240&ssl=1","_links":{"self":[{"href":"https:\/\/avanzaspanishschool.com\/de\/wp-json\/wp\/v2\/posts\/2157","targetHints":{"allow":["GET"]}}],"collection":[{"href":"https:\/\/avanzaspanishschool.com\/de\/wp-json\/wp\/v2\/posts"}],"about":[{"href":"https:\/\/avanzaspanishschool.com\/de\/wp-json\/wp\/v2\/types\/post"}],"author":[{"embeddable":true,"href":"https:\/\/avanzaspanishschool.com\/de\/wp-json\/wp\/v2\/users\/121892976"}],"replies":[{"embeddable":true,"href":"https:\/\/avanzaspanishschool.com\/de\/wp-json\/wp\/v2\/comments?post=2157"}],"version-history":[{"count":28,"href":"https:\/\/avanzaspanishschool.com\/de\/wp-json\/wp\/v2\/posts\/2157\/revisions"}],"predecessor-version":[{"id":6390,"href":"https:\/\/avanzaspanishschool.com\/de\/wp-json\/wp\/v2\/posts\/2157\/revisions\/6390"}],"wp:featuredmedia":[{"embeddable":true,"href":"https:\/\/avanzaspanishschool.com\/de\/wp-json\/wp\/v2\/media\/2252"}],"wp:attachment":[{"href":"https:\/\/avanzaspanishschool.com\/de\/wp-json\/wp\/v2\/media?parent=2157"}],"wp:term":[{"taxonomy":"category","embeddable":true,"href":"https:\/\/avanzaspanishschool.com\/de\/wp-json\/wp\/v2\/categories?post=2157"},{"taxonomy":"post_tag","embeddable":true,"href":"https:\/\/avanzaspanishschool.com\/de\/wp-json\/wp\/v2\/tags?post=2157"}],"curies":[{"name":"wp","href":"https:\/\/api.w.org\/{rel}","templated":true}]}}